{"id":67853,"date":"2026-03-19T16:23:21","date_gmt":"2026-03-19T16:23:21","guid":{"rendered":"http:\/\/youthdata.circle.tufts.edu\/?p=67853"},"modified":"2026-01-18T23:45:56","modified_gmt":"2026-01-18T23:45:56","slug":"parque-dona-lindu-em-recife-urbanismo-a-beira-mar-2","status":"publish","type":"post","link":"https:\/\/youthdata.circle.tufts.edu\/index.php\/2026\/03\/19\/parque-dona-lindu-em-recife-urbanismo-a-beira-mar-2\/","title":{"rendered":"Parque Dona Lindu em Recife: urbanismo \u00e0 beira-mar"},"content":{"rendered":"<div id=\"toc\" style=\"background: #f9f9f9;border: 1px solid #aaa;display: table;margin-bottom: 1em;padding: 1em;width: 350px;\">\n<p class=\"toctitle\" style=\"font-weight: 700;text-align: center;\">Content<\/p>\n<ul class=\"toc_list\">\n<li><a href=\"#toc-0\">Palco Girat\u00f3rio<\/a><\/li>\n<li><a href=\"#toc-4\">Niemeyer, o Parque Dona Lindu e a hist\u00f3ria<\/a><\/li>\n<\/ul>\n<\/div>\n<p>Ser\u00e3o apresenta\u00e7\u00f5es musicais, espet\u00e1culos, conta\u00e7\u00e3o de hist\u00f3rias, performances, viv\u00eancias e proje\u00e7\u00f5es de filmes, al\u00e9m de ciclo formativo para educadores e profissionais da m\u00fasica. Ap\u00f3s sua estreia digital em 2020, o evento traz programa\u00e7\u00e3o presencial no Parque Dona Lindu, na Universidade Cat\u00f3lica de Pernambuco e em escolas do Recife, de 29 de agosto a 3 de setembro. Ele tamb\u00e9m teria auxiliado na intermedia\u00e7\u00e3o junto ao governo argelino para que Niemeyer realizasse v\u00e1rios projetos no pa\u00eds, como a Universidade Constantine e a Mesquita de Argel. Al\u00e9m do centro de cultura e lazer, o Recife tamb\u00e9m tem uma liga\u00e7\u00e3o pol\u00edtica com o arquiteto, falecido na noite desta quarta-feira (5). Paulo Em\u00edlio_PE247 &#8211; Famosa por suas pontes , rios e canais, que deram \u00e0 cidade do Recife o t\u00edtulo de \u201cVeneza Brasileira\u201d, a capital pernambucana possui uma das \u00faltimas obras de Oscar Niemeyer, o Parque Dona Lindu. Para acompanhar as postagens dessa Blogagem Coletiva, \u00e9 s\u00f3 seguir a #euadoroesseparque nas redes sociais e ficar por dentro das dicas dos outros blogueiros participantes.<\/p>\n<h2 id=\"toc-0\">Palco Girat\u00f3rio<\/h2>\n<p>&amp;#128205; Confira a lista completa de bares e restaurantes &amp;#128248; Exposi\u00e7\u00e3o fotogr\u00e1fica \u201c\u00c1gua \u00e9 vida\u201d Promovida pela Embaixada dos Pa\u00edses Baixos, a exposi\u00e7\u00e3o \u201c\u00c1gua \u00e9 vida\u201d est\u00e1 em cartaz no Museu Universo Compesa.<\/p>\n<p>Ainda em clima de celebra\u00e7\u00e3o pela \u00faltima quarta-feira (19), quando se comemorou\u00a0o Dia do Ex\u00e9rcito, o Parque Dona Lindu, no bairro de Boa Viagem, Zona Sul do Recife, est\u00e1 recebendo uma exposi\u00e7\u00e3o gratuita de materiais do Ex\u00e9rcito Brasileiro. S\u00e3o cerca de 90 obras assinadas por 15 artistas, de oito estados brasileiros. Com 56 fotografias em preto e branco, a mostra do fot\u00f3grafo Sebasti\u00e3o Salgado retrata o cotidiano de Serra Pelada, o maior garimpo a c\u00e9u aberto do mundo nos anos 1980.<\/p>\n<p>\u23f0 Quinta-feira (24), a partir das 16h (abertura do teatro \u00e0s 15h30) \u201cA pra\u00e7a \u00e9 do povo, como o c\u00e9u \u00e9 do condor\u201d, como bem disse o poeta brasileiro Castro Alves. O das crian\u00e7as, o dos adultos, o dos artistas, o do grande p\u00fablico ou, simplesmente, o que aguarda e recebe a visita de quem quiser chegar. O projeto deu certo e p\u00f4s por terra as resist\u00eancias surgidas em sua grande parte por motiva\u00e7\u00f5es pol\u00edticas e n\u00e3o propriamente t\u00e9cnicas. Nos senhores e senhoras que realizam sua caminhada matinal \u00e0 sombra do passeio de p\u00f3rticos; nas crian\u00e7as que brincam no playground e correm livres sob o sol da esplanada ou \u00e0 sombra das \u00e1rvores\u2026 A vida passa <a href=\"https:\/\/www.parquedonalindu.com\/\">parque dona lindu<\/a> na corrida nos atletas que circulam no cal\u00e7ad\u00e3o da praia de Boa Viagem, no caminhar do cidad\u00e3o comum que passeia com seu cachorro.<\/p>\n<p>O projeto de Oscar Niemeyer inclui ciclovia, pistas para cooper e skate, quadra poliesportiva, playground, \u00e1reas para descanso e gin\u00e1stica. O nome do parque foi dado em homenagem a Eur\u00eddice Ferreira de Melo, m\u00e3e do atual presidente Luiz In\u00e1cio Lula da Silva.<\/p>\n<h3 id=\"toc-1\">Haver\u00e1 atividades gratuitas e pagas entre a ter\u00e7a-feira ( e o domingo ( .<\/h3>\n<p>O projeto inclui viv\u00eancias, mutir\u00f5es e oficinas. A exposi\u00e7\u00e3o do artista piauiense Maur\u00edcio Pok\u00e9mon apresenta os modos de vida e a resist\u00eancia das comunidades tradicionais Boa Esperan\u00e7a, em Teresina, e Caranguejo Tabaiares, no Recife. O clube informa que dan\u00e7arinos profissionais com ficha estar\u00e3o \u00e0 disposi\u00e7\u00e3o para dan\u00e7ar com o p\u00fablico.<\/p>\n<p>O Parque Dona Lindu \u00e9 uma \u00f3tima op\u00e7\u00e3o para aqueles que procuram uma atividade ao ar livre em Recife. Al\u00e9m disso, o parque \u00e9 um \u00f3timo lugar para se reunir com amigos e familiares para uma tarde agrad\u00e1vel. O Parque Dona Lindu tamb\u00e9m \u00e9 um local popular para piqueniques e encontros ao ar livre. O parque possui trilhas para caminhada que serpenteiam atrav\u00e9s de \u00e1reas de vegeta\u00e7\u00e3o densa, oferecendo aos visitantes a oportunidade de se conectarem com a natureza e desfrutarem da tranquilidade do local. Ao chegar ao parque, os visitantes s\u00e3o recebidos por um cen\u00e1rio deslumbrante de verde e \u00e1gua.<\/p>\n<h2 id=\"toc-2\">\u2022 Caixa divulga resultado da sele\u00e7\u00e3o para a programa\u00e7\u00e3o 2025 da Caixa Cultural<\/h2>\n<p>Apresentar-me com essa orquestra no ambiente p\u00fablico \u00e9 algo muito especial\u201d, ressaltou N\u00f3brega. Os que andam de bicicleta e patins tamb\u00e9m podem curtir o espa\u00e7o. Tem\u00a0pista de skate no formato bowl, quadra poliesportiva,\u00a0espa\u00e7o de\u00a0cooper e um completo playground infantil com tirolesa. Constru\u00eddo em frente \u00e0 bela Praia de Boa Viagem e com a imensa \u00e1rea de 27.166,68m\u00b2, o espa\u00e7o fica perto de v\u00e1rios hot\u00e9is, restaurantes\u00a0e\u00a0oferece diversas\u00a0op\u00e7\u00f5es de entretenimento. O Parque Dona Lindu foi inaugurado em 2011 sob muita desconfian\u00e7a dos moradores da zona sul recifense.<\/p>\n<h3 id=\"toc-3\">Parque Dona Lindu Boa Viagem<\/h3>\n<p>O teatro \u00e9 usado para uma variedade de eventos, desde apresenta\u00e7\u00f5es musicais e teatrais at\u00e9 palestras e confer\u00eancias. Isso significa que o teatro pode atender a um grande n\u00famero de pessoas e \u00e9 uma \u00f3tima op\u00e7\u00e3o para eventos e apresenta\u00e7\u00f5es de grande porte. Isso significa que o teatro \u00e9 acess\u00edvel para pessoas com necessidades especiais e garante que todos possam desfrutar das apresenta\u00e7\u00f5es.<\/p>\n<p>O mesmo cons\u00f3rcio arrematou o conjunto de tr\u00eas parques na zona norte da capital pernambucana pelo valor de R$198,3 mil e o Dona Lindu por R$ 140,6 mil, somando para os cofres municipais R$ 338,9 mil, com juros de at\u00e9 30% em caso de atraso no pagamento. Na proposta inicial o Parque da Macaxeira era um dos quatro parques, mas foi substitu\u00eddo pelo Parque de Apipucos. A promessa \u00e9 que o acesso aos parques seguir\u00e1 gratuito e que os servi\u00e7os oferecidos ter\u00e3o melhorias.<\/p>\n<ul>\n<li>Quem viveu tanto bem sabia que um projeto n\u00e3o se completa no papel e nem com sua inaugura\u00e7\u00e3o\u2026 Elementos como o pr\u00f3prio p\u00fablico, o passar das esta\u00e7\u00f5es, o crescimento da vegeta\u00e7\u00e3o, complementam o trabalho.<\/li>\n<li>O segundo Mini traz uma rede de sonoridades, timbres, melodias que dan\u00e7am, cantam e convidam o p\u00fablico a descobrir o \u2018ouvido de dentro\u2019, como nos diria Villa-Lobos\u201d, comenta Karen Accioly, curadora do ciclo formativo.<\/li>\n<li>Na \u00e1rea externa, o p\u00fablico pode aproveitar uma feirinha de artesanato, food park, karaok\u00ea e atividades recreativas e de leitura.<\/li>\n<li>O parque possui trilhas para caminhada que serpenteiam atrav\u00e9s de \u00e1reas de vegeta\u00e7\u00e3o densa, oferecendo aos visitantes a oportunidade de se conectarem com a natureza e desfrutarem da tranquilidade do local.<\/li>\n<li>Nesse caso, dependendo do show, cadeiras s\u00e3o colocadas para o p\u00fablico e em outros os shows s\u00e3o assistidos em p\u00e9.<\/li>\n<\/ul>\n<h3 id=\"toc-5\">Hotel Shelton Inn Mar<\/h3>\n<p>\u201cEditais de projetos de m\u00fasica como o promovido pela Petrobras s\u00e3o essenciais para a realiza\u00e7\u00e3o de eventos como o Mini Festival, com possibilidade do recorte para o p\u00fablico infantil, e, consequentemente, a forma\u00e7\u00e3o de plateia e o desenvolvimento e sensibiliza\u00e7\u00e3o da crian\u00e7a\u201d, destaca Danielle Hoover, idealizadora, coordenadora e curadora do festival, junto \u00e0 Karina Hoover. Ap\u00f3s a sua entrega, em mar\u00e7o de 2011, o \u201cDona Lindu\u201d, como o local \u00e9 mais conhecido, consolidou-se com uma vasta programa\u00e7\u00e3o cultural e tornou-se um dos principais pontos de cultura e lazer abertos ao p\u00fablico. Al\u00e9m disso, o parque conta com teatro, onde s\u00e3o realizadas apresenta\u00e7\u00f5es de dan\u00e7a e m\u00fasica, e espa\u00e7os para eventos. A programa\u00e7\u00e3o inclui teatro, dan\u00e7a, cinema ao ar livre e shows de artistas locais, al\u00e9m de a\u00e7\u00f5es de forma\u00e7\u00e3o e economia criativa.<\/p>\n<p>A programa\u00e7\u00e3o \u00e9 sempre bem movimentada, muita coisa acontece nas \u00e1reas abertas do parque, feiras, apresenta\u00e7\u00f5es circenses, grupo de dan\u00e7a, workshops, aulas de gin\u00e1stica e muito mais. Show ao ar livre no palco externo do Teatro Lu\u00eds Mendon\u00e7a. A pol\u00eamica passou, o parque foi constru\u00eddo de acordo com o projeto que tem 60% dos seus 27.000m\u00b2 destinados \u00e0 \u00e1rea verde. Anteriormente o\u00a0terreno era de propriedade da aeron\u00e1utica, passou a ser do Governo do Estado que cedeu para a Prefeitura concretizar o projeto do parque.<\/p>\n","protected":false},"excerpt":{"rendered":"<p>Content Palco Girat\u00f3rio Niemeyer, o Parque Dona Lindu e a hist\u00f3ria Ser\u00e3o apresenta\u00e7\u00f5es musicais, espet\u00e1culos, conta\u00e7\u00e3o de hist\u00f3rias, performances, viv\u00eancias e proje\u00e7\u00f5es de filmes, al\u00e9m de ciclo formativo para educadores e profissionais da m\u00fasica. Ap\u00f3s sua estreia digital em 2020, o evento traz programa\u00e7\u00e3o presencial no Parque Dona Lindu, na Universidade Cat\u00f3lica de Pernambuco e [&hellip;]<\/p>\n","protected":false},"author":2,"featured_media":0,"comment_status":"open","ping_status":"open","sticky":false,"template":"","format":"standard","meta":[],"categories":[5098],"tags":[],"_links":{"self":[{"href":"https:\/\/youthdata.circle.tufts.edu\/index.php\/wp-json\/wp\/v2\/posts\/67853"}],"collection":[{"href":"https:\/\/youthdata.circle.tufts.edu\/index.php\/wp-json\/wp\/v2\/posts"}],"about":[{"href":"https:\/\/youthdata.circle.tufts.edu\/index.php\/wp-json\/wp\/v2\/types\/post"}],"author":[{"embeddable":true,"href":"https:\/\/youthdata.circle.tufts.edu\/index.php\/wp-json\/wp\/v2\/users\/2"}],"replies":[{"embeddable":true,"href":"https:\/\/youthdata.circle.tufts.edu\/index.php\/wp-json\/wp\/v2\/comments?post=67853"}],"version-history":[{"count":1,"href":"https:\/\/youthdata.circle.tufts.edu\/index.php\/wp-json\/wp\/v2\/posts\/67853\/revisions"}],"predecessor-version":[{"id":67854,"href":"https:\/\/youthdata.circle.tufts.edu\/index.php\/wp-json\/wp\/v2\/posts\/67853\/revisions\/67854"}],"wp:attachment":[{"href":"https:\/\/youthdata.circle.tufts.edu\/index.php\/wp-json\/wp\/v2\/media?parent=67853"}],"wp:term":[{"taxonomy":"category","embeddable":true,"href":"https:\/\/youthdata.circle.tufts.edu\/index.php\/wp-json\/wp\/v2\/categories?post=67853"},{"taxonomy":"post_tag","embeddable":true,"href":"https:\/\/youthdata.circle.tufts.edu\/index.php\/wp-json\/wp\/v2\/tags?post=67853"}],"curies":[{"name":"wp","href":"https:\/\/api.w.org\/{rel}","templated":true}]}}