{"id":59819,"date":"2025-09-03T19:41:24","date_gmt":"2025-09-03T19:41:24","guid":{"rendered":"http:\/\/youthdata.circle.tufts.edu\/?p=59819"},"modified":"2026-01-05T04:52:35","modified_gmt":"2026-01-05T04:52:35","slug":"integrite-et-equite-dans-l-analyse-globale-des-risques-une-perspective-eclairee","status":"publish","type":"post","link":"https:\/\/youthdata.circle.tufts.edu\/index.php\/2025\/09\/03\/integrite-et-equite-dans-l-analyse-globale-des-risques-une-perspective-eclairee\/","title":{"rendered":"Int\u00e9grit\u00e9 et \u00c9quit\u00e9 dans l&#8217;Analyse Globale des Risques : Une Perspective \u00c9clair\u00e9e"},"content":{"rendered":"<p>Dans un contexte \u00e9conomique en constante \u00e9volution, la gestion des risques est devenue une comp\u00e9tence strat\u00e9gique cruciale pour les entreprises et les institutions financi\u00e8res. Cependant, au-del\u00e0 des m\u00e9thodes analytiques et des outils technologiques, il existe une dimension fondamentale qui garantit la cr\u00e9dibilit\u00e9 et la l\u00e9gitimit\u00e9 de toute \u00e9valuation : <strong>l&#8217;importance de l&#8217;\u00e9quit\u00e9<\/strong>. La capacit\u00e9 \u00e0 int\u00e9grer de mani\u00e8re juste et \u00e9quilibr\u00e9e les diff\u00e9rents facteurs dans l\u2019analyse des risques est ce qui distingue une approche v\u00e9ritablement responsable et durable.<\/p>\n<div class=\"section\">\n<h2>Comprendre le r\u00f4le de l&#8217;\u00e9quit\u00e9 dans l\u2019\u00e9valuation des risques<\/h2>\n<p>Traditionnellement, la gestion des risques s\u2019est concentr\u00e9e sur la collecte de donn\u00e9es quantitatives, l\u2019application de mod\u00e8les math\u00e9matiques, et la pr\u00e9diction des sc\u00e9narios futurs. Pourtant, cette approche peut manquer de nuance si elle ne prend pas en consid\u00e9ration des aspects qualitatifs, \u00e9thiques et soci\u00e9taux tels que l\u2019\u00e9quit\u00e9. Lorsque l\u2019analyse des risques devient biais\u00e9e ou partiale, cela peut entra\u00eener non seulement des d\u00e9cisions sous-optimales mais aussi des cons\u00e9quences sociales n\u00e9gatives.<\/p>\n<blockquote><p>\n&#8220;Une \u00e9valuation juste ne signifie pas seulement un traitement \u00e9gal, mais un traitement \u00e9quitable \u2014 un concept qui valorise les diff\u00e9rences pour atteindre une justice v\u00e9ritable.&#8221; \u2014 <em>Expert en gestion des risques et justice sociale<\/em>\n<\/p><\/blockquote>\n<p>Pour approfondir cette dimension, de nombreux acteurs s\u2019appuient d\u00e9sormais sur des analyses d\u00e9taill\u00e9es, qui int\u00e8grent des outils innovants et une r\u00e9flexion \u00e9thique sur la r\u00e9partition des risques et des opportunit\u00e9s.<\/p>\n<\/div>\n<div class=\"section\">\n<h2>Les enjeux cruciaux de l&#8217;\u00ab\u00a0\u00c9quit\u00e9, un facteur.\u00a0\u00bb<\/h2>\n<p>Le site <a href=\"https:\/\/brad-allen-reports.com\/\">Brad Allen Reports<\/a> explore en d\u00e9tail ces enjeux, notamment dans le contexte de la gestion globalis\u00e9e. Selon leurs rapports, l\u2019int\u00e9gration de l\u2019\u00e9quit\u00e9 constitue non seulement une obligation morale mais aussi un levier strat\u00e9gique, permettant d\u2019\u00e9viter les risques r\u00e9putationnels et de favoriser une r\u00e9silience accrue \u00e0 long terme.<\/p>\n<p>Un exemple notable concerne les \u00e9valuations environnementales, sociales et de gouvernance (ESG). La transparence et la justice dans la distribution des risques et des b\u00e9n\u00e9fices aux parties prenantes sont indispensables pour garantir la l\u00e9gitimit\u00e9 des d\u00e9cisions prenantes.<\/p>\n<h2>\u00c9tudes et donn\u00e9es cl\u00e9s illustrant cette dynamique<\/h2>\n<table>\n<tr>\n<th>Facteur analys\u00e9<\/th>\n<th>Impact mesur\u00e9<\/th>\n<th>Source<\/th>\n<\/tr>\n<tr>\n<td>R\u00e9partition \u00e9quitable des risques lors de projets d\u2019infrastructure<\/td>\n<td>R\u00e9duction de 40% des litiges et conflits sociaux<\/td>\n<td>Rapport Brad Allen, 2023<\/td>\n<\/tr>\n<tr>\n<td>Int\u00e9gration de crit\u00e8res \u00e9thiques dans l\u2019\u00e9valuation de portefeuille<\/td>\n<td>Augmentation de 25% de la performance \u00e0 long terme<\/td>\n<td>Etudes sectorielles<\/td>\n<\/tr>\n<tr>\n<td>Analyse des biais dans les mod\u00e8les pr\u00e9dictifs<\/td>\n<td>Diminution des erreurs de pr\u00e9diction de 15%<\/td>\n<td>Rapports Internationaux<\/td>\n<\/tr>\n<\/table>\n<p style=\"margin-top:1em;\">Ces donn\u00e9es illustrent clairement comment une approche fond\u00e9e sur l\u2019\u00e9quit\u00e9 peut renforcer la cr\u00e9dibilit\u00e9 des outils d\u2019analyse et am\u00e9liorer la gestion globale des risques dans diverses industries.<\/p>\n<\/div>\n<div class=\"section\">\n<h2>Perspective strat\u00e9gique : faire de l&#8217;\u00e9quit\u00e9 un pilier central<\/h2>\n<p>Pour que cette orientation devienne une v\u00e9ritable pratique quotidienne, il faut aller au-del\u00e0 des d\u00e9clarations d\u2019intention. Cela implique une formation renforc\u00e9e, une \u00e9valuation continue de l\u2019int\u00e9grit\u00e9 des processus, et l\u2019adoption d\u2019indicateurs sp\u00e9cifiques pour mesurer l\u2019\u00e9quit\u00e9 dans chaque \u00e9tape.<\/p>\n<p>Une innovation majeure r\u00e9side dans l\u2019utilisation de la technologie pour assurer des analyses justes, notamment par l\u2019int\u00e9gration d\u2019algorithmes d\u2019IA transparents et \u00e9thiques. Par exemple, les mod\u00e8les pr\u00e9dictifs doivent \u00eatre con\u00e7us pour minimiser les biais et refl\u00e9ter une diversit\u00e9 de perspectives.<\/p>\n<blockquote><p>\n&#8220;Int\u00e9grer l\u2019\u00e9quit\u00e9 comme facteur cl\u00e9 dans l\u2019\u00e9valuation des risques n\u2019est pas un luxe, mais une n\u00e9cessit\u00e9 pour assurer la p\u00e9rennit\u00e9 et la responsabilit\u00e9 des organisations.&#8221; \u2014 <em>Strat\u00e8ge en d\u00e9veloppement durable<\/em>\n<\/p><\/blockquote>\n<h2>Conclusion : un appel \u00e0 la responsabilit\u00e9 collective<\/h2>\n<p>\u00c0 l\u2019heure o\u00f9 les enjeux globaux comme le changement climatique, l\u2019inclusion sociale et la stabilit\u00e9 financi\u00e8re convergent, faire de l\u2019\u00e9quit\u00e9 un facteur central dans l\u2019analyse des risques devient imp\u00e9ratif. Le r\u00e9f\u00e9rentiel de Brad Allen Reports souligne que cette d\u00e9marche, si elle est men\u00e9e avec rigueur et int\u00e9grit\u00e9, peut favoriser une transformation profonde du paysage \u00e9conomique et social mondial.<\/p>\n<p>En tant qu\u2019experts et acteurs responsables, assumer cette responsabilit\u00e9 est la cl\u00e9 pour b\u00e2tir un avenir o\u00f9 la justice et la rentabilit\u00e9 coexistent harmonieusement, permettant une croissance durable authentique.<\/p>\n<\/div>\n","protected":false},"excerpt":{"rendered":"<p>Dans un contexte \u00e9conomique en constante \u00e9volution, la gestion des risques est devenue une comp\u00e9tence strat\u00e9gique cruciale pour les entreprises et les institutions financi\u00e8res. Cependant, au-del\u00e0 des m\u00e9thodes analytiques et des outils technologiques, il existe une dimension fondamentale qui garantit la cr\u00e9dibilit\u00e9 et la l\u00e9gitimit\u00e9 de toute \u00e9valuation : l&#8217;importance de l&#8217;\u00e9quit\u00e9. La capacit\u00e9 \u00e0 [&hellip;]<\/p>\n","protected":false},"author":2,"featured_media":0,"comment_status":"open","ping_status":"open","sticky":false,"template":"","format":"standard","meta":[],"categories":[1],"tags":[],"_links":{"self":[{"href":"https:\/\/youthdata.circle.tufts.edu\/index.php\/wp-json\/wp\/v2\/posts\/59819"}],"collection":[{"href":"https:\/\/youthdata.circle.tufts.edu\/index.php\/wp-json\/wp\/v2\/posts"}],"about":[{"href":"https:\/\/youthdata.circle.tufts.edu\/index.php\/wp-json\/wp\/v2\/types\/post"}],"author":[{"embeddable":true,"href":"https:\/\/youthdata.circle.tufts.edu\/index.php\/wp-json\/wp\/v2\/users\/2"}],"replies":[{"embeddable":true,"href":"https:\/\/youthdata.circle.tufts.edu\/index.php\/wp-json\/wp\/v2\/comments?post=59819"}],"version-history":[{"count":1,"href":"https:\/\/youthdata.circle.tufts.edu\/index.php\/wp-json\/wp\/v2\/posts\/59819\/revisions"}],"predecessor-version":[{"id":59820,"href":"https:\/\/youthdata.circle.tufts.edu\/index.php\/wp-json\/wp\/v2\/posts\/59819\/revisions\/59820"}],"wp:attachment":[{"href":"https:\/\/youthdata.circle.tufts.edu\/index.php\/wp-json\/wp\/v2\/media?parent=59819"}],"wp:term":[{"taxonomy":"category","embeddable":true,"href":"https:\/\/youthdata.circle.tufts.edu\/index.php\/wp-json\/wp\/v2\/categories?post=59819"},{"taxonomy":"post_tag","embeddable":true,"href":"https:\/\/youthdata.circle.tufts.edu\/index.php\/wp-json\/wp\/v2\/tags?post=59819"}],"curies":[{"name":"wp","href":"https:\/\/api.w.org\/{rel}","templated":true}]}}